{"id":8097,"date":"2019-02-19T14:03:00","date_gmt":"2019-02-19T13:03:00","guid":{"rendered":"https:\/\/www.insardinia.ch\/?p=8097"},"modified":"2019-02-20T09:55:21","modified_gmt":"2019-02-20T08:55:21","slug":"cambio-vita-vado-a-vivere-in-sardegna","status":"publish","type":"post","link":"https:\/\/www.insardinia.ch\/it\/cambio-vita-vado-a-vivere-in-sardegna\/","title":{"rendered":"Cambio vita vado a vivere in Sardegna"},"content":{"rendered":"<p>Per un motivo o per l&#8217;altro si arriva ad un punto nella propria vita in cui si pensa di cambiare marcia. Lo stress che provoca vivere in un luogo che non offre molto dal punto di vista della natura, del relax ed in genere con una bassa qualit\u00e0 della vita, nel lungo periodo logora. Sono coloro che possono permettersi di cambiare localit\u00e0 pur mantenendo il lavoro, oppure coloro che sono arrivati all&#8217;et\u00e0 in cui si riceve una pensione, che possono permettersi questo cambiamento.<\/p>\n<p>La meta migliore per godersi il relax e una vita pi\u00f9 appagante, in Italia \u00e8 la Sardegna. Splendida sotto molti di vista, offre molto soprattutto nel periodo che precede e segue il grande afflusso di turisti. Il sole e le spiagge bianche sono nei sogni di molti italiani che in Sardegna ci hanno passato le vacanze.<\/p>\n<p>Sono gi\u00e0 moltissime le persone che hanno realizzato il loro sogno e si pensa che nel futuro possa diventare una meta gradita a moltissimi pensionati oppure anche di professionisti che amano lavorare vista mare con la sola necessit\u00e0 di un computer e di una linea Internet.<\/p>\n<p>Tutte queste persone vogliono migliorare la qualit\u00e0 della loro vita, e la Sardegna \u00e8 la regione ideale per cancellare l&#8217;immagine del caos cittadino ed il grigiore dei paesaggi urbani. Il fenomeno per ora \u00e8 destinato alle coppie in et\u00e0 pensionabile che cercano benessere e serenit\u00e0.<\/p>\n<p><img decoding=\"async\" loading=\"lazy\" class=\"aligncenter size-full wp-image-8102\" src=\"https:\/\/www.insardinia.ch\/vendita\/wp-content\/uploads\/2019\/02\/investimenti-ammodernamento-sardegna.jpg\" alt=\"Street Art in Sardegna\" width=\"640\" height=\"426\" srcset=\"https:\/\/www.insardinia.ch\/vendita\/wp-content\/uploads\/2019\/02\/investimenti-ammodernamento-sardegna.jpg 640w, https:\/\/www.insardinia.ch\/vendita\/wp-content\/uploads\/2019\/02\/investimenti-ammodernamento-sardegna-300x200.jpg 300w, https:\/\/www.insardinia.ch\/vendita\/wp-content\/uploads\/2019\/02\/investimenti-ammodernamento-sardegna-150x100.jpg 150w, https:\/\/www.insardinia.ch\/vendita\/wp-content\/uploads\/2019\/02\/investimenti-ammodernamento-sardegna-350x233.jpg 350w\" sizes=\"(max-width: 640px) 100vw, 640px\" \/><\/p>\n<h2>Cosa bisogna fare per vivere in Sardegna?<\/h2>\n<p>I pensionati godono di uno status privilegiato quando si pensa a trasferirsi da una localit\u00e0 all&#8217;altra in Italia. In Sardegna non \u00e8 facile trovare un&#8217;occupazione anche a causa della rarefazione della popolazione stanziale che ammonta a circa 1 milione e 600 mila persone. L&#8217;economica \u00e8 agricola ed \u00e8 basata sul turismo per una parte dell&#8217;anno. Le famiglie che si stabiliscono nell&#8217;isola non hanno il lavoro quotidiano come necessit\u00e0 da svolgere di persona e possono delegare. Il ceto medio per questo motivo \u00e8 abbastanza frequente. Per i giovani la possibilit\u00e0 di stabilirsi in Sardegna non \u00e8 preclusa, ma riguarda il periodo estivo. Le offerte di lavoro provenienti dal settore del turismo, sono numerosissime.<\/p>\n<p>Per trasferirsi in Sardegna, alla base c&#8217;\u00e8 sempre il desiderio di godersi una vita a contatto con una natura incontaminata. Il bene dell&#8217;isola viene sapientemente custodito dalla cultura locale che si trasmette alle amministrazioni. Un provvedimento fra tutti serve a spiegare come mai l&#8217;isola non sia stata assaltata dai costruttori edilizi che in altre parti d&#8217;Italia hanno deturpato l&#8217;ambiente. E&#8217; il divieto di costruire vicino alle coste con una zona di franchigia molto consistente. Per chi in Sardegna non ci vive non pu\u00f2 capire che a fronte della necessit\u00e0 dello sviluppo economico non si pu\u00f2 pensare che rovinare le coste sia la soluzione. Per il Sardo non \u00e8 nemmeno una questione economica ma di rispetto innato per la terra sulla quale vivono da millenni.<\/p>\n<p>Questo aspetto \u00e8 bene tenerlo nel giusto conto per vivere in Sardegna, rispettando un popolo fiero ed orgoglioso, che ha saputo compiere scelte difficili ma lungimiranti.<\/p>\n<h3>Non solo i pensionati ma anche i manager possono aspirare a trasferirsi nell&#8217;isola sarda<\/h3>\n<p>In Sardegna specie nel nord dell&#8217;isola, il turismo che va per la maggiore \u00e8 quello del lusso. Molti proprietari di ville e barche hanno stabilito qui la loro sede. Non sono solo italiani ma anche stranieri. La ricerca di personale fidato e di alto livello \u00e8 sempre molto viva nell&#8217;isola e rappresenta una valida opzione per coloro che hanno un livello professionalit\u00e0 adeguata. Con solo due o tre mesi di lavoro si pu\u00f2 ampiamente vivere per tutto l&#8217;anno. Tutto ci\u00f2 \u00e8 agevolato dal livello del costo della vita tra i pi\u00f9 bassi d&#8217;Italia.<\/p>\n<p>Coloro che provengono dalle grandi citt\u00e0 soprattutto Milano e Roma, notano subito la differenza del livello dei prezzi. Questa differenza \u00e8 molto ampia anche per quanto riguarda gli affitti. Un punto debole che si pensa possa avere importanza nella decisione di trasferirsi definitivamente in Sardegna, \u00e8 la distanza e la difficolt\u00e0 di raggiungerla. Forse un tempo poteva essere un freno ma oggigiorno le distanze sono solo immaginarie poich\u00e9 i collegamenti, sia via mare che tramite aereo, sono frequenti e comodi. Lo stesso porto di Cagliari ha subito un\u2019importante ammodernamento per assicurare all&#8217;isola un flusso ancora maggiore di turisti.<\/p>\n<p>Gli investimenti nell&#8217;isola si sono concentrati molto sulla viabilit\u00e0 poich\u00e9 si \u00e8 capito che oltre alle coste iniziano ad interessare ai turisti, anche altre zone che sono pi\u00f9 all&#8217;interno, potendo goderne quindi sia della vita di mare che della cultura locale.<\/p>\n<p>Se si prende ad esempio il collegamento tramite traghetto, il versante occidentale di Italia ha a disposizione diversi punti di partenza, basti ricordare i porti di Genova, Livorno, Piombino, Civitavecchia, Napoli e Palermo.<\/p>\n<p>Infine, chi sceglie quest&#8217;isola sa che la qualit\u00e0 della vita ha una notevole influenza sullo stato di salute e ci\u00f2 \u00e8 ancor pi\u00f9 vero, quando si parla di Sardegna, l&#8217;isola che ha pi\u00f9 centenari al mondo.<\/p>\n","protected":false},"excerpt":{"rendered":"<p>Per un motivo o per l&#8217;altro si arriva ad un punto nella propria vita in cui si pensa di cambiare marcia. Lo stress che provoca vivere in un luogo che non offre molto dal punto di vista della natura, del relax ed in genere con una bassa qualit\u00e0 della vita, nel lungo periodo logora. Sono [&hellip;]<\/p>\n","protected":false},"author":18,"featured_media":8098,"comment_status":"open","ping_status":"open","sticky":false,"template":"","format":"standard","meta":{"_mi_skip_tracking":false,"_exactmetrics_sitenote_active":false,"_exactmetrics_sitenote_note":"","_exactmetrics_sitenote_category":0,"footnotes":""},"categories":[331,10],"tags":[],"yoast_head":"<!-- This site is optimized with the Yoast SEO plugin v21.3 - https:\/\/yoast.com\/wordpress\/plugins\/seo\/ -->\n<title>Cambio vita vado a vivere in Sardegna - InSardinia<\/title>\n<meta name=\"robots\" content=\"index, follow, max-snippet:-1, max-image-preview:large, max-video-preview:-1\" \/>\n<link rel=\"canonical\" href=\"https:\/\/www.insardinia.ch\/it\/cambio-vita-vado-a-vivere-in-sardegna\/\" \/>\n<meta property=\"og:locale\" content=\"it_IT\" \/>\n<meta property=\"og:type\" content=\"article\" \/>\n<meta property=\"og:title\" content=\"Cambio vita vado a vivere in Sardegna - InSardinia\" \/>\n<meta property=\"og:description\" content=\"Per un motivo o per l&#8217;altro si arriva ad un punto nella propria vita in cui si pensa di cambiare marcia. Lo stress che provoca vivere in un luogo che non offre molto dal punto di vista della natura, del relax ed in genere con una bassa qualit\u00e0 della vita, nel lungo periodo logora. Sono [&hellip;]\" \/>\n<meta property=\"og:url\" content=\"https:\/\/www.insardinia.ch\/it\/cambio-vita-vado-a-vivere-in-sardegna\/\" \/>\n<meta property=\"og:site_name\" content=\"InSardinia\" \/>\n<meta property=\"article:published_time\" content=\"2019-02-19T13:03:00+00:00\" \/>\n<meta property=\"article:modified_time\" content=\"2019-02-20T08:55:21+00:00\" \/>\n<meta property=\"og:image\" content=\"https:\/\/www.insardinia.ch\/vendita\/wp-content\/uploads\/2019\/02\/andare-a-vivere-in-sardegna.jpg\" \/>\n\t<meta property=\"og:image:width\" content=\"640\" \/>\n\t<meta property=\"og:image:height\" content=\"426\" \/>\n\t<meta property=\"og:image:type\" content=\"image\/jpeg\" \/>\n<meta name=\"author\" content=\"insardinia.ch\" \/>\n<meta name=\"twitter:card\" content=\"summary_large_image\" \/>\n<meta name=\"twitter:label1\" content=\"Scritto da\" \/>\n\t<meta name=\"twitter:data1\" content=\"insardinia.ch\" \/>\n\t<meta name=\"twitter:label2\" content=\"Tempo di lettura stimato\" \/>\n\t<meta name=\"twitter:data2\" content=\"4 minuti\" \/>\n<script type=\"application\/ld+json\" class=\"yoast-schema-graph\">{\"@context\":\"https:\/\/schema.org\",\"@graph\":[{\"@type\":\"WebPage\",\"@id\":\"https:\/\/www.insardinia.ch\/it\/cambio-vita-vado-a-vivere-in-sardegna\/\",\"url\":\"https:\/\/www.insardinia.ch\/it\/cambio-vita-vado-a-vivere-in-sardegna\/\",\"name\":\"Cambio vita vado a vivere in Sardegna - InSardinia\",\"isPartOf\":{\"@id\":\"https:\/\/www.insardinia.ch\/en\/#website\"},\"datePublished\":\"2019-02-19T13:03:00+00:00\",\"dateModified\":\"2019-02-20T08:55:21+00:00\",\"author\":{\"@id\":\"https:\/\/www.insardinia.ch\/en\/#\/schema\/person\/0eb04c88bd85974037c0be6f300a2983\"},\"breadcrumb\":{\"@id\":\"https:\/\/www.insardinia.ch\/it\/cambio-vita-vado-a-vivere-in-sardegna\/#breadcrumb\"},\"inLanguage\":\"it-IT\",\"potentialAction\":[{\"@type\":\"ReadAction\",\"target\":[\"https:\/\/www.insardinia.ch\/it\/cambio-vita-vado-a-vivere-in-sardegna\/\"]}]},{\"@type\":\"BreadcrumbList\",\"@id\":\"https:\/\/www.insardinia.ch\/it\/cambio-vita-vado-a-vivere-in-sardegna\/#breadcrumb\",\"itemListElement\":[{\"@type\":\"ListItem\",\"position\":1,\"name\":\"Home\",\"item\":\"https:\/\/www.insardinia.ch\/it\/\"},{\"@type\":\"ListItem\",\"position\":2,\"name\":\"Cambio vita vado a vivere in Sardegna\"}]},{\"@type\":\"WebSite\",\"@id\":\"https:\/\/www.insardinia.ch\/en\/#website\",\"url\":\"https:\/\/www.insardinia.ch\/en\/\",\"name\":\"InSardinia\",\"description\":\"\",\"potentialAction\":[{\"@type\":\"SearchAction\",\"target\":{\"@type\":\"EntryPoint\",\"urlTemplate\":\"https:\/\/www.insardinia.ch\/en\/?s={search_term_string}\"},\"query-input\":\"required name=search_term_string\"}],\"inLanguage\":\"it-IT\"},{\"@type\":\"Person\",\"@id\":\"https:\/\/www.insardinia.ch\/en\/#\/schema\/person\/0eb04c88bd85974037c0be6f300a2983\",\"name\":\"insardinia.ch\",\"image\":{\"@type\":\"ImageObject\",\"inLanguage\":\"it-IT\",\"@id\":\"https:\/\/www.insardinia.ch\/en\/#\/schema\/person\/image\/\",\"url\":\"https:\/\/secure.gravatar.com\/avatar\/30529e614002db167e745edad8c9b9b6?s=96&d=mm&r=g\",\"contentUrl\":\"https:\/\/secure.gravatar.com\/avatar\/30529e614002db167e745edad8c9b9b6?s=96&d=mm&r=g\",\"caption\":\"insardinia.ch\"},\"url\":\"https:\/\/www.insardinia.ch\/it\/author\/insardinia-ch\/\"}]}<\/script>\n<!-- \/ Yoast SEO plugin. -->","yoast_head_json":{"title":"Cambio vita vado a vivere in Sardegna - InSardinia","robots":{"index":"index","follow":"follow","max-snippet":"max-snippet:-1","max-image-preview":"max-image-preview:large","max-video-preview":"max-video-preview:-1"},"canonical":"https:\/\/www.insardinia.ch\/it\/cambio-vita-vado-a-vivere-in-sardegna\/","og_locale":"it_IT","og_type":"article","og_title":"Cambio vita vado a vivere in Sardegna - InSardinia","og_description":"Per un motivo o per l&#8217;altro si arriva ad un punto nella propria vita in cui si pensa di cambiare marcia. Lo stress che provoca vivere in un luogo che non offre molto dal punto di vista della natura, del relax ed in genere con una bassa qualit\u00e0 della vita, nel lungo periodo logora. Sono [&hellip;]","og_url":"https:\/\/www.insardinia.ch\/it\/cambio-vita-vado-a-vivere-in-sardegna\/","og_site_name":"InSardinia","article_published_time":"2019-02-19T13:03:00+00:00","article_modified_time":"2019-02-20T08:55:21+00:00","og_image":[{"width":640,"height":426,"url":"https:\/\/www.insardinia.ch\/vendita\/wp-content\/uploads\/2019\/02\/andare-a-vivere-in-sardegna.jpg","type":"image\/jpeg"}],"author":"insardinia.ch","twitter_card":"summary_large_image","twitter_misc":{"Scritto da":"insardinia.ch","Tempo di lettura stimato":"4 minuti"},"schema":{"@context":"https:\/\/schema.org","@graph":[{"@type":"WebPage","@id":"https:\/\/www.insardinia.ch\/it\/cambio-vita-vado-a-vivere-in-sardegna\/","url":"https:\/\/www.insardinia.ch\/it\/cambio-vita-vado-a-vivere-in-sardegna\/","name":"Cambio vita vado a vivere in Sardegna - InSardinia","isPartOf":{"@id":"https:\/\/www.insardinia.ch\/en\/#website"},"datePublished":"2019-02-19T13:03:00+00:00","dateModified":"2019-02-20T08:55:21+00:00","author":{"@id":"https:\/\/www.insardinia.ch\/en\/#\/schema\/person\/0eb04c88bd85974037c0be6f300a2983"},"breadcrumb":{"@id":"https:\/\/www.insardinia.ch\/it\/cambio-vita-vado-a-vivere-in-sardegna\/#breadcrumb"},"inLanguage":"it-IT","potentialAction":[{"@type":"ReadAction","target":["https:\/\/www.insardinia.ch\/it\/cambio-vita-vado-a-vivere-in-sardegna\/"]}]},{"@type":"BreadcrumbList","@id":"https:\/\/www.insardinia.ch\/it\/cambio-vita-vado-a-vivere-in-sardegna\/#breadcrumb","itemListElement":[{"@type":"ListItem","position":1,"name":"Home","item":"https:\/\/www.insardinia.ch\/it\/"},{"@type":"ListItem","position":2,"name":"Cambio vita vado a vivere in Sardegna"}]},{"@type":"WebSite","@id":"https:\/\/www.insardinia.ch\/en\/#website","url":"https:\/\/www.insardinia.ch\/en\/","name":"InSardinia","description":"","potentialAction":[{"@type":"SearchAction","target":{"@type":"EntryPoint","urlTemplate":"https:\/\/www.insardinia.ch\/en\/?s={search_term_string}"},"query-input":"required name=search_term_string"}],"inLanguage":"it-IT"},{"@type":"Person","@id":"https:\/\/www.insardinia.ch\/en\/#\/schema\/person\/0eb04c88bd85974037c0be6f300a2983","name":"insardinia.ch","image":{"@type":"ImageObject","inLanguage":"it-IT","@id":"https:\/\/www.insardinia.ch\/en\/#\/schema\/person\/image\/","url":"https:\/\/secure.gravatar.com\/avatar\/30529e614002db167e745edad8c9b9b6?s=96&d=mm&r=g","contentUrl":"https:\/\/secure.gravatar.com\/avatar\/30529e614002db167e745edad8c9b9b6?s=96&d=mm&r=g","caption":"insardinia.ch"},"url":"https:\/\/www.insardinia.ch\/it\/author\/insardinia-ch\/"}]}},"_links":{"self":[{"href":"https:\/\/www.insardinia.ch\/it\/wp-json\/wp\/v2\/posts\/8097"}],"collection":[{"href":"https:\/\/www.insardinia.ch\/it\/wp-json\/wp\/v2\/posts"}],"about":[{"href":"https:\/\/www.insardinia.ch\/it\/wp-json\/wp\/v2\/types\/post"}],"author":[{"embeddable":true,"href":"https:\/\/www.insardinia.ch\/it\/wp-json\/wp\/v2\/users\/18"}],"replies":[{"embeddable":true,"href":"https:\/\/www.insardinia.ch\/it\/wp-json\/wp\/v2\/comments?post=8097"}],"version-history":[{"count":0,"href":"https:\/\/www.insardinia.ch\/it\/wp-json\/wp\/v2\/posts\/8097\/revisions"}],"wp:featuredmedia":[{"embeddable":true,"href":"https:\/\/www.insardinia.ch\/it\/wp-json\/wp\/v2\/media\/8098"}],"wp:attachment":[{"href":"https:\/\/www.insardinia.ch\/it\/wp-json\/wp\/v2\/media?parent=8097"}],"wp:term":[{"taxonomy":"category","embeddable":true,"href":"https:\/\/www.insardinia.ch\/it\/wp-json\/wp\/v2\/categories?post=8097"},{"taxonomy":"post_tag","embeddable":true,"href":"https:\/\/www.insardinia.ch\/it\/wp-json\/wp\/v2\/tags?post=8097"}],"curies":[{"name":"wp","href":"https:\/\/api.w.org\/{rel}","templated":true}]}}