{"id":7023,"date":"2018-09-27T11:18:30","date_gmt":"2018-09-27T09:18:30","guid":{"rendered":"https:\/\/www.insardinia.ch\/?p=7023"},"modified":"2019-03-08T12:13:59","modified_gmt":"2019-03-08T11:13:59","slug":"godersi-la-pensione-si-puo-se-si-sceglie-la-sardegna","status":"publish","type":"post","link":"https:\/\/www.insardinia.ch\/it\/godersi-la-pensione-si-puo-se-si-sceglie-la-sardegna\/","title":{"rendered":"Godersi la pensione si pu\u00f2 se si sceglie la Sardegna"},"content":{"rendered":"<p>A quanti pensionati, o a chi a quel traguardo ci sta arrivando, viene in mente di <span style=\"color: #0000ff;\"><strong>trasferirsi verso un posto caldo<\/strong><\/span>, vicino al mare e con un costo della vita abbordabile? Se ne parla molto di pi\u00f9 di prima, forse perch\u00e9 sono stati gli stranieri a farci notare che in Italia quel posto c&#8217;\u00e8 gi\u00e0 e si chiama Sardegna.<\/p>\n<p>Chiunque abbia trascorso anche solo pochi giorni in Sardegna, non importa dove se a Sud o a Nord, non ha potuto non notare <a href=\"https:\/\/www.insardinia.ch\/it\/perche-abitare-in-sardegna\/\"><span style=\"color: #0000ff;\"><strong>il livello di qualit\u00e0 della vita<\/strong><\/span><\/a>. Il Cibo, le persone, il clima e la presenza del mare appartengono ai posti che si pensano essere dall&#8217;altra parte del globo. Invece questa terra meravigliosa \u00e8 qui vicino ed inizia a rivelarsi in tutta la sua bellezza.<\/p>\n<p>Il futuro \u00e8 radioso per la Sardegna poich\u00e9 questa idea \u00e8 nella mente di parecchi neo e futuri pensionati. La ricerca della terra dei sogni era iniziata tanto tempo fa. Nei Tg si rincorrevano servizi che parlavano di pensionati che avevano scelto il nord Africa, l&#8217;Est Europa ed ultimamente anche il Portogallo. Il motivo era sempre lo stesso, la qualit\u00e0 della vita.<\/p>\n<p>Se per qualche tempo si vive come lo si \u00e8 desiderato poi ci si scontra con il sistema paese. Bisogna mettere in conto temi come la <span style=\"color: #0000ff;\"><strong>sicurezza<\/strong><\/span>, la <span style=\"color: #0000ff;\"><strong>salute<\/strong><\/span>, la tradizione per dirne solo alcuni. E il distacco da mamma Italia in realt\u00e0 non avviene mai ed il motivo \u00e8 ancora pi\u00f9 profondo. L&#8217;Italia \u00e8 un gran richiamo, non si vive all&#8217;estero come in Italia e questo vale non solo per chi \u00e8 italiano ma anche per uno straniero.<\/p>\n<p>Se non siamo ancora invasi da orde di pensionati di tutto il mondo lo si deve alla condizione economica generale che non \u00e8 all&#8217;altezza del bel paese.<\/p>\n<h2>Scegliere la Sardegna per sentirsi ancora di pi\u00f9 a casa<\/h2>\n<p>Nonostante il pessimismo che pervade l&#8217;italiano medio siamo abbastanza consapevoli che le peculiarit\u00e0 di questo paese sono uniche al mondo. Il cibo non ha paragoni con nessun altra nazione del mondo e questo si riflette sulla speranza di vita che per un italiano \u00e8 superiore a quella degli altri paesi europei e non.<\/p>\n<p>Questa tendenza \u00e8 confermata dalla presenza di <strong><a href=\"http:\/\/www.castedduonline.it\/sardegna-record-di-ultracentenari-la-regione-piu-longeva-al-mondo\/\"><span style=\"color: #0000ff;\">ultra centenari<\/span> che in Sardegna abbondano<\/a><\/strong>. <strong><span style=\"color: #0000ff;\">Il costo delle case<\/span>\u00a0<\/strong>poi rappresenta una vera tentazione di investimento, e per ora \u00e8 ancora un affare.<\/p>\n<p>La preoccupazione che si pu\u00f2 avere quando si va a vivere lontano dai propri luoghi \u00e8 quello di non riuscire a mantenersi, le possibilit\u00e0 di impiego sono legate al settore del turismo. Questo problema un pensionato non ce l&#8217;ha e per questo motivo si vedono sempre pi\u00f9 persona anziane stabilirsi in luoghi che non si pu\u00f2 pi\u00f9 considerare solo di villeggiatura.<\/p>\n<p>Oltre a queste ragioni c\u2019\u00e8 anche il tifo delle famiglie degli anziani che sono ben contenti di avere dei parenti che si stabiliscono in una terra che per 6 mesi all&#8217;anno \u00e8 paragonabile ai <a href=\"https:\/\/www.insardinia.ch\/it\/pensionati-in-cerca-del-paradiso-tra-sardegnaportogallo-e-baleari\/\"><strong>Caraibi<\/strong><\/a>, con la differenza che si vive e si mangia molto meglio!<\/p>\n<p>&nbsp;<\/p>\n","protected":false},"excerpt":{"rendered":"<p>A quanti pensionati, o a chi a quel traguardo ci sta arrivando, viene in mente di trasferirsi verso un posto caldo, vicino al mare e con un costo della vita abbordabile? Se ne parla molto di pi\u00f9 di prima, forse perch\u00e9 sono stati gli stranieri a farci notare che in Italia quel posto c&#8217;\u00e8 gi\u00e0 [&hellip;]<\/p>\n","protected":false},"author":18,"featured_media":7029,"comment_status":"closed","ping_status":"closed","sticky":false,"template":"","format":"standard","meta":{"_mi_skip_tracking":false,"_exactmetrics_sitenote_active":false,"_exactmetrics_sitenote_note":"","_exactmetrics_sitenote_category":0,"footnotes":""},"categories":[380],"tags":[],"yoast_head":"<!-- This site is optimized with the Yoast SEO plugin v21.3 - https:\/\/yoast.com\/wordpress\/plugins\/seo\/ -->\n<title>Godersi la pensione si pu\u00f2 se si sceglie la Sardegna - InSardinia<\/title>\n<meta name=\"description\" content=\"Stai cercando un luogo fantastico dove la vita \u00e8 migliore?stai cercando di capire dove passare la tua pensione? benvenuto in Sardegna\" \/>\n<meta name=\"robots\" content=\"index, follow, max-snippet:-1, max-image-preview:large, max-video-preview:-1\" \/>\n<link rel=\"canonical\" href=\"https:\/\/www.insardinia.ch\/it\/godersi-la-pensione-si-puo-se-si-sceglie-la-sardegna\/\" \/>\n<meta property=\"og:locale\" content=\"it_IT\" \/>\n<meta property=\"og:type\" content=\"article\" \/>\n<meta property=\"og:title\" content=\"Godersi la pensione si pu\u00f2 se si sceglie la Sardegna - InSardinia\" \/>\n<meta property=\"og:description\" content=\"Stai cercando un luogo fantastico dove la vita \u00e8 migliore?stai cercando di capire dove passare la tua pensione? benvenuto in Sardegna\" \/>\n<meta property=\"og:url\" content=\"https:\/\/www.insardinia.ch\/it\/godersi-la-pensione-si-puo-se-si-sceglie-la-sardegna\/\" \/>\n<meta property=\"og:site_name\" content=\"InSardinia\" \/>\n<meta property=\"article:published_time\" content=\"2018-09-27T09:18:30+00:00\" \/>\n<meta property=\"article:modified_time\" content=\"2019-03-08T11:13:59+00:00\" \/>\n<meta property=\"og:image\" content=\"https:\/\/www.insardinia.ch\/vendita\/wp-content\/uploads\/2018\/09\/pier-569314_640.jpg\" \/>\n\t<meta property=\"og:image:width\" content=\"640\" \/>\n\t<meta property=\"og:image:height\" content=\"426\" \/>\n\t<meta property=\"og:image:type\" content=\"image\/jpeg\" \/>\n<meta name=\"author\" content=\"insardinia.ch\" \/>\n<meta name=\"twitter:card\" content=\"summary_large_image\" \/>\n<meta name=\"twitter:label1\" content=\"Scritto da\" \/>\n\t<meta name=\"twitter:data1\" content=\"insardinia.ch\" \/>\n\t<meta name=\"twitter:label2\" content=\"Tempo di lettura stimato\" \/>\n\t<meta name=\"twitter:data2\" content=\"2 minuti\" \/>\n<script type=\"application\/ld+json\" class=\"yoast-schema-graph\">{\"@context\":\"https:\/\/schema.org\",\"@graph\":[{\"@type\":\"WebPage\",\"@id\":\"https:\/\/www.insardinia.ch\/it\/godersi-la-pensione-si-puo-se-si-sceglie-la-sardegna\/\",\"url\":\"https:\/\/www.insardinia.ch\/it\/godersi-la-pensione-si-puo-se-si-sceglie-la-sardegna\/\",\"name\":\"Godersi la pensione si pu\u00f2 se si sceglie la Sardegna - InSardinia\",\"isPartOf\":{\"@id\":\"https:\/\/www.insardinia.ch\/en\/#website\"},\"datePublished\":\"2018-09-27T09:18:30+00:00\",\"dateModified\":\"2019-03-08T11:13:59+00:00\",\"author\":{\"@id\":\"https:\/\/www.insardinia.ch\/en\/#\/schema\/person\/0eb04c88bd85974037c0be6f300a2983\"},\"description\":\"Stai cercando un luogo fantastico dove la vita \u00e8 migliore?stai cercando di capire dove passare la tua pensione? benvenuto in Sardegna\",\"breadcrumb\":{\"@id\":\"https:\/\/www.insardinia.ch\/it\/godersi-la-pensione-si-puo-se-si-sceglie-la-sardegna\/#breadcrumb\"},\"inLanguage\":\"it-IT\",\"potentialAction\":[{\"@type\":\"ReadAction\",\"target\":[\"https:\/\/www.insardinia.ch\/it\/godersi-la-pensione-si-puo-se-si-sceglie-la-sardegna\/\"]}]},{\"@type\":\"BreadcrumbList\",\"@id\":\"https:\/\/www.insardinia.ch\/it\/godersi-la-pensione-si-puo-se-si-sceglie-la-sardegna\/#breadcrumb\",\"itemListElement\":[{\"@type\":\"ListItem\",\"position\":1,\"name\":\"Home\",\"item\":\"https:\/\/www.insardinia.ch\/it\/\"},{\"@type\":\"ListItem\",\"position\":2,\"name\":\"Godersi la pensione si pu\u00f2 se si sceglie la Sardegna\"}]},{\"@type\":\"WebSite\",\"@id\":\"https:\/\/www.insardinia.ch\/en\/#website\",\"url\":\"https:\/\/www.insardinia.ch\/en\/\",\"name\":\"InSardinia\",\"description\":\"\",\"potentialAction\":[{\"@type\":\"SearchAction\",\"target\":{\"@type\":\"EntryPoint\",\"urlTemplate\":\"https:\/\/www.insardinia.ch\/en\/?s={search_term_string}\"},\"query-input\":\"required name=search_term_string\"}],\"inLanguage\":\"it-IT\"},{\"@type\":\"Person\",\"@id\":\"https:\/\/www.insardinia.ch\/en\/#\/schema\/person\/0eb04c88bd85974037c0be6f300a2983\",\"name\":\"insardinia.ch\",\"image\":{\"@type\":\"ImageObject\",\"inLanguage\":\"it-IT\",\"@id\":\"https:\/\/www.insardinia.ch\/en\/#\/schema\/person\/image\/\",\"url\":\"https:\/\/secure.gravatar.com\/avatar\/30529e614002db167e745edad8c9b9b6?s=96&d=mm&r=g\",\"contentUrl\":\"https:\/\/secure.gravatar.com\/avatar\/30529e614002db167e745edad8c9b9b6?s=96&d=mm&r=g\",\"caption\":\"insardinia.ch\"},\"url\":\"https:\/\/www.insardinia.ch\/it\/author\/insardinia-ch\/\"}]}<\/script>\n<!-- \/ Yoast SEO plugin. -->","yoast_head_json":{"title":"Godersi la pensione si pu\u00f2 se si sceglie la Sardegna - InSardinia","description":"Stai cercando un luogo fantastico dove la vita \u00e8 migliore?stai cercando di capire dove passare la tua pensione? benvenuto in Sardegna","robots":{"index":"index","follow":"follow","max-snippet":"max-snippet:-1","max-image-preview":"max-image-preview:large","max-video-preview":"max-video-preview:-1"},"canonical":"https:\/\/www.insardinia.ch\/it\/godersi-la-pensione-si-puo-se-si-sceglie-la-sardegna\/","og_locale":"it_IT","og_type":"article","og_title":"Godersi la pensione si pu\u00f2 se si sceglie la Sardegna - InSardinia","og_description":"Stai cercando un luogo fantastico dove la vita \u00e8 migliore?stai cercando di capire dove passare la tua pensione? benvenuto in Sardegna","og_url":"https:\/\/www.insardinia.ch\/it\/godersi-la-pensione-si-puo-se-si-sceglie-la-sardegna\/","og_site_name":"InSardinia","article_published_time":"2018-09-27T09:18:30+00:00","article_modified_time":"2019-03-08T11:13:59+00:00","og_image":[{"width":640,"height":426,"url":"https:\/\/www.insardinia.ch\/vendita\/wp-content\/uploads\/2018\/09\/pier-569314_640.jpg","type":"image\/jpeg"}],"author":"insardinia.ch","twitter_card":"summary_large_image","twitter_misc":{"Scritto da":"insardinia.ch","Tempo di lettura stimato":"2 minuti"},"schema":{"@context":"https:\/\/schema.org","@graph":[{"@type":"WebPage","@id":"https:\/\/www.insardinia.ch\/it\/godersi-la-pensione-si-puo-se-si-sceglie-la-sardegna\/","url":"https:\/\/www.insardinia.ch\/it\/godersi-la-pensione-si-puo-se-si-sceglie-la-sardegna\/","name":"Godersi la pensione si pu\u00f2 se si sceglie la Sardegna - InSardinia","isPartOf":{"@id":"https:\/\/www.insardinia.ch\/en\/#website"},"datePublished":"2018-09-27T09:18:30+00:00","dateModified":"2019-03-08T11:13:59+00:00","author":{"@id":"https:\/\/www.insardinia.ch\/en\/#\/schema\/person\/0eb04c88bd85974037c0be6f300a2983"},"description":"Stai cercando un luogo fantastico dove la vita \u00e8 migliore?stai cercando di capire dove passare la tua pensione? benvenuto in Sardegna","breadcrumb":{"@id":"https:\/\/www.insardinia.ch\/it\/godersi-la-pensione-si-puo-se-si-sceglie-la-sardegna\/#breadcrumb"},"inLanguage":"it-IT","potentialAction":[{"@type":"ReadAction","target":["https:\/\/www.insardinia.ch\/it\/godersi-la-pensione-si-puo-se-si-sceglie-la-sardegna\/"]}]},{"@type":"BreadcrumbList","@id":"https:\/\/www.insardinia.ch\/it\/godersi-la-pensione-si-puo-se-si-sceglie-la-sardegna\/#breadcrumb","itemListElement":[{"@type":"ListItem","position":1,"name":"Home","item":"https:\/\/www.insardinia.ch\/it\/"},{"@type":"ListItem","position":2,"name":"Godersi la pensione si pu\u00f2 se si sceglie la Sardegna"}]},{"@type":"WebSite","@id":"https:\/\/www.insardinia.ch\/en\/#website","url":"https:\/\/www.insardinia.ch\/en\/","name":"InSardinia","description":"","potentialAction":[{"@type":"SearchAction","target":{"@type":"EntryPoint","urlTemplate":"https:\/\/www.insardinia.ch\/en\/?s={search_term_string}"},"query-input":"required name=search_term_string"}],"inLanguage":"it-IT"},{"@type":"Person","@id":"https:\/\/www.insardinia.ch\/en\/#\/schema\/person\/0eb04c88bd85974037c0be6f300a2983","name":"insardinia.ch","image":{"@type":"ImageObject","inLanguage":"it-IT","@id":"https:\/\/www.insardinia.ch\/en\/#\/schema\/person\/image\/","url":"https:\/\/secure.gravatar.com\/avatar\/30529e614002db167e745edad8c9b9b6?s=96&d=mm&r=g","contentUrl":"https:\/\/secure.gravatar.com\/avatar\/30529e614002db167e745edad8c9b9b6?s=96&d=mm&r=g","caption":"insardinia.ch"},"url":"https:\/\/www.insardinia.ch\/it\/author\/insardinia-ch\/"}]}},"_links":{"self":[{"href":"https:\/\/www.insardinia.ch\/it\/wp-json\/wp\/v2\/posts\/7023"}],"collection":[{"href":"https:\/\/www.insardinia.ch\/it\/wp-json\/wp\/v2\/posts"}],"about":[{"href":"https:\/\/www.insardinia.ch\/it\/wp-json\/wp\/v2\/types\/post"}],"author":[{"embeddable":true,"href":"https:\/\/www.insardinia.ch\/it\/wp-json\/wp\/v2\/users\/18"}],"replies":[{"embeddable":true,"href":"https:\/\/www.insardinia.ch\/it\/wp-json\/wp\/v2\/comments?post=7023"}],"version-history":[{"count":0,"href":"https:\/\/www.insardinia.ch\/it\/wp-json\/wp\/v2\/posts\/7023\/revisions"}],"wp:featuredmedia":[{"embeddable":true,"href":"https:\/\/www.insardinia.ch\/it\/wp-json\/wp\/v2\/media\/7029"}],"wp:attachment":[{"href":"https:\/\/www.insardinia.ch\/it\/wp-json\/wp\/v2\/media?parent=7023"}],"wp:term":[{"taxonomy":"category","embeddable":true,"href":"https:\/\/www.insardinia.ch\/it\/wp-json\/wp\/v2\/categories?post=7023"},{"taxonomy":"post_tag","embeddable":true,"href":"https:\/\/www.insardinia.ch\/it\/wp-json\/wp\/v2\/tags?post=7023"}],"curies":[{"name":"wp","href":"https:\/\/api.w.org\/{rel}","templated":true}]}}