{"id":7017,"date":"2018-09-27T10:57:16","date_gmt":"2018-09-27T08:57:16","guid":{"rendered":"https:\/\/www.insardinia.ch\/?p=7017"},"modified":"2019-03-08T12:13:05","modified_gmt":"2019-03-08T11:13:05","slug":"dal-portogallo-alla-sardegna-pensionati-in-cerca-di-paradisi","status":"publish","type":"post","link":"https:\/\/www.insardinia.ch\/it\/dal-portogallo-alla-sardegna-pensionati-in-cerca-di-paradisi\/","title":{"rendered":"Dal Portogallo alla Sardegna, pensionati in cerca di paradisi"},"content":{"rendered":"<p><span lang=\"IT\">I pensionati italiani, inglesi, tedeschi e svedesi hanno ricevuto dai propri paesi un dono. In pratica, attraverso un accordo sancito con il Portogallo, tutti i pensionati che soggiorneranno in Portogallo 6 mesi pi\u00f9 un giorno all\u2019anno, muniti di regolare contratto di affitto, potranno essere sgravati dal pagamento delle tasse, che in Italia significa Irpef. La pensione diventa pi\u00f9 sostanziosa e la vita pi\u00f9 abbordabile. Oltre a ci\u00f2 \u00e8 innegabile che il paese lusitano sia un bel paese ricco di cultura, tradizioni, sole e per giunta \u00e8 bagnata per tutta la sua lunghezza dal mare, anzi dall\u2019oceano.<\/span><\/p>\n<p><span lang=\"IT\">A ben vedere queste caratteristiche, centuplicate, potrebbero essere attribuite al Sud Italia. Per questo motivo politici e professori soprattutto nello schieramento della Lega,<span style=\"color: #0000ff;\"><strong> hanno lanciato la medesima proposta.<\/strong><\/span><\/span><\/p>\n<p><span lang=\"IT\">I 400 mila pensionati l&#8217;anno attirati dal Portogallo stanno agendo da volano per l&#8217;economia. I paesi che hanno concesso questo favore ovviamente vedranno assottigliarsi la quota di rientro delle tasse e i posti di lavoro saranno sicuramente in diminuzione.<\/span><\/p>\n<p><span lang=\"IT\">La notizia ha fatto il giro dei giornali e ci si \u00e8 accorti che in realt\u00e0 in Italia, questo fenomeno \u00e8 in atto seppur non incentivato dalle leggi nostrane. Oltre ad un flusso proveniente dal nord Europa verso la Sardegna, sono anche i pensionati italiani ad essere sempre pi\u00f9 intenzionati a trasferirsi nella regione dove <a href=\"https:\/\/www.insardinia.ch\/it\/investire-nella-qualita-della-vita-le-scelte-dei-quasi-pensionati\/\"><span style=\"color: #0000ff;\"><strong>la qualit\u00e0 della vita<\/strong><\/span><\/a> \u00e8 alle stelle, non solo perch\u00e9 lo si afferma comunemente ma anche perch\u00e9 si susseguono gli studi internazionali intenzionati a capire perch\u00e9 in alcuni paesini sardi <strong><span style=\"color: #0000ff;\">la speranza di vita \u00e8 prima al mondo<\/span><\/strong> insieme a rare eccezioni.<\/span><\/p>\n<h2><span lang=\"IT\">Meno tasse per i pensionati che si trasferiscono al Sud, e loro cosa preferiscono?<\/span><\/h2>\n<p><span lang=\"IT\">Alla base dell&#8217;accordo con il Portogallo c&#8217;era anche un vantaggio per il paese concedente. Si tratta delle spese mediche e di quelle sociali che gravano sula vita di un pensionato. Ma ci\u00f2 non pu\u00f2 corrispondere al reale. La ragione \u00e8 semplice. Tra Italia e Portogallo c&#8217;\u00e8 un abisso nella politica sanitaria. Basti pensare alle strutture italiane ed al fatto che chiunque pu\u00f2 accedere al sistema sanitario attraverso una rete capillare.<\/span><\/p>\n<p><span lang=\"IT\">Ma questo non basta, sebbene siamo molto critici nei confronti del nostro paese, la nostra nazione \u00e8 probabilmente il pi\u00f9 evoluto al mondo per diversi aspetti. Si \u00e8 gi\u00e0 detto della<strong><span style=\"color: #0000ff;\"> salute,<\/span><\/strong> ma ci sono altri aspetti come il cibo e la cultura del territorio con tutte le sue eccellenza. Non \u00e8 pensabile che <a href=\"https:\/\/www.insardinia.ch\/it\/trasferirsi-allestero-mille-motivi-per-godersi-la-pensione\/\"><strong>chi si trasferisce all&#8217;estero<\/strong><\/a> non approfitti per lunghi periodi del bel paese. Per questo motivo si pensa che i viaggi all&#8217;estero abbiano un ritorno. <\/span><\/p>\n<p><span lang=\"IT\">Diverso \u00e8 il caso della Sardegna dove le condizioni testimoniano di <strong><span style=\"color: #0000ff;\">scelte definitive<\/span><\/strong> e sensibilmente migliorative in tutti i sensi. I pensionati stranieri che stanno optando per questa soluzione hanno goduto di un livello di vita sensibilmente incrementato. <a href=\"https:\/\/www.insardinia.ch\/it\/trend-del-mercato-turistico-immobiliare-in-sardegna\/\"><strong><span style=\"color: #0000ff;\">Il settore immobiliare sta registrando questa tendenza.<\/span><\/strong><\/a> Il prezzo delle case \u00e8 ancora da considerarsi un affare d\u2019oro, sia per la prospettiva di miglioramento quanto ad investimenti crescenti, che ad una certezza di flusso turistico che non pu\u00f2 che venir premiato.<\/span><\/p>\n<p class=\"entry-title\"><span lang=\"IT\">\u00a0<\/span><\/p>\n","protected":false},"excerpt":{"rendered":"<p>I pensionati italiani, inglesi, tedeschi e svedesi hanno ricevuto dai propri paesi un dono. In pratica, attraverso un accordo sancito con il Portogallo, tutti i pensionati che soggiorneranno in Portogallo 6 mesi pi\u00f9 un giorno all\u2019anno, muniti di regolare contratto di affitto, potranno essere sgravati dal pagamento delle tasse, che in Italia significa Irpef. La [&hellip;]<\/p>\n","protected":false},"author":18,"featured_media":7018,"comment_status":"closed","ping_status":"closed","sticky":false,"template":"","format":"standard","meta":{"_mi_skip_tracking":false,"_exactmetrics_sitenote_active":false,"_exactmetrics_sitenote_note":"","_exactmetrics_sitenote_category":0,"footnotes":""},"categories":[380],"tags":[381],"yoast_head":"<!-- This site is optimized with the Yoast SEO plugin v21.3 - https:\/\/yoast.com\/wordpress\/plugins\/seo\/ -->\n<title>Dal Portogallo alla Sardegna, pensionati in cerca di paradisi - InSardinia<\/title>\n<meta name=\"description\" content=\"La sardegna potrebbe essere la giusta scelta dove passare la propria pensione,i prezzi bassi e i collegamentii aerei sono i punti di forza.\" \/>\n<meta name=\"robots\" content=\"index, follow, max-snippet:-1, max-image-preview:large, max-video-preview:-1\" \/>\n<link rel=\"canonical\" href=\"https:\/\/www.insardinia.ch\/it\/dal-portogallo-alla-sardegna-pensionati-in-cerca-di-paradisi\/\" \/>\n<meta property=\"og:locale\" content=\"it_IT\" \/>\n<meta property=\"og:type\" content=\"article\" \/>\n<meta property=\"og:title\" content=\"Dal Portogallo alla Sardegna, pensionati in cerca di paradisi - InSardinia\" \/>\n<meta property=\"og:description\" content=\"La sardegna potrebbe essere la giusta scelta dove passare la propria pensione,i prezzi bassi e i collegamentii aerei sono i punti di forza.\" \/>\n<meta property=\"og:url\" content=\"https:\/\/www.insardinia.ch\/it\/dal-portogallo-alla-sardegna-pensionati-in-cerca-di-paradisi\/\" \/>\n<meta property=\"og:site_name\" content=\"InSardinia\" \/>\n<meta property=\"article:published_time\" content=\"2018-09-27T08:57:16+00:00\" \/>\n<meta property=\"article:modified_time\" content=\"2019-03-08T11:13:05+00:00\" \/>\n<meta property=\"og:image\" content=\"https:\/\/www.insardinia.ch\/vendita\/wp-content\/uploads\/2018\/09\/beach-wedding-1934732_640.jpg\" \/>\n\t<meta property=\"og:image:width\" content=\"640\" \/>\n\t<meta property=\"og:image:height\" content=\"460\" \/>\n\t<meta property=\"og:image:type\" content=\"image\/jpeg\" \/>\n<meta name=\"author\" content=\"insardinia.ch\" \/>\n<meta name=\"twitter:card\" content=\"summary_large_image\" \/>\n<meta name=\"twitter:label1\" content=\"Scritto da\" \/>\n\t<meta name=\"twitter:data1\" content=\"insardinia.ch\" \/>\n\t<meta name=\"twitter:label2\" content=\"Tempo di lettura stimato\" \/>\n\t<meta name=\"twitter:data2\" content=\"2 minuti\" \/>\n<script type=\"application\/ld+json\" class=\"yoast-schema-graph\">{\"@context\":\"https:\/\/schema.org\",\"@graph\":[{\"@type\":\"WebPage\",\"@id\":\"https:\/\/www.insardinia.ch\/it\/dal-portogallo-alla-sardegna-pensionati-in-cerca-di-paradisi\/\",\"url\":\"https:\/\/www.insardinia.ch\/it\/dal-portogallo-alla-sardegna-pensionati-in-cerca-di-paradisi\/\",\"name\":\"Dal Portogallo alla Sardegna, pensionati in cerca di paradisi - InSardinia\",\"isPartOf\":{\"@id\":\"https:\/\/www.insardinia.ch\/en\/#website\"},\"datePublished\":\"2018-09-27T08:57:16+00:00\",\"dateModified\":\"2019-03-08T11:13:05+00:00\",\"author\":{\"@id\":\"https:\/\/www.insardinia.ch\/en\/#\/schema\/person\/0eb04c88bd85974037c0be6f300a2983\"},\"description\":\"La sardegna potrebbe essere la giusta scelta dove passare la propria pensione,i prezzi bassi e i collegamentii aerei sono i punti di forza.\",\"breadcrumb\":{\"@id\":\"https:\/\/www.insardinia.ch\/it\/dal-portogallo-alla-sardegna-pensionati-in-cerca-di-paradisi\/#breadcrumb\"},\"inLanguage\":\"it-IT\",\"potentialAction\":[{\"@type\":\"ReadAction\",\"target\":[\"https:\/\/www.insardinia.ch\/it\/dal-portogallo-alla-sardegna-pensionati-in-cerca-di-paradisi\/\"]}]},{\"@type\":\"BreadcrumbList\",\"@id\":\"https:\/\/www.insardinia.ch\/it\/dal-portogallo-alla-sardegna-pensionati-in-cerca-di-paradisi\/#breadcrumb\",\"itemListElement\":[{\"@type\":\"ListItem\",\"position\":1,\"name\":\"Home\",\"item\":\"https:\/\/www.insardinia.ch\/it\/\"},{\"@type\":\"ListItem\",\"position\":2,\"name\":\"Dal Portogallo alla Sardegna, pensionati in cerca di paradisi\"}]},{\"@type\":\"WebSite\",\"@id\":\"https:\/\/www.insardinia.ch\/en\/#website\",\"url\":\"https:\/\/www.insardinia.ch\/en\/\",\"name\":\"InSardinia\",\"description\":\"\",\"potentialAction\":[{\"@type\":\"SearchAction\",\"target\":{\"@type\":\"EntryPoint\",\"urlTemplate\":\"https:\/\/www.insardinia.ch\/en\/?s={search_term_string}\"},\"query-input\":\"required name=search_term_string\"}],\"inLanguage\":\"it-IT\"},{\"@type\":\"Person\",\"@id\":\"https:\/\/www.insardinia.ch\/en\/#\/schema\/person\/0eb04c88bd85974037c0be6f300a2983\",\"name\":\"insardinia.ch\",\"image\":{\"@type\":\"ImageObject\",\"inLanguage\":\"it-IT\",\"@id\":\"https:\/\/www.insardinia.ch\/en\/#\/schema\/person\/image\/\",\"url\":\"https:\/\/secure.gravatar.com\/avatar\/30529e614002db167e745edad8c9b9b6?s=96&d=mm&r=g\",\"contentUrl\":\"https:\/\/secure.gravatar.com\/avatar\/30529e614002db167e745edad8c9b9b6?s=96&d=mm&r=g\",\"caption\":\"insardinia.ch\"},\"url\":\"https:\/\/www.insardinia.ch\/it\/author\/insardinia-ch\/\"}]}<\/script>\n<!-- \/ Yoast SEO plugin. -->","yoast_head_json":{"title":"Dal Portogallo alla Sardegna, pensionati in cerca di paradisi - InSardinia","description":"La sardegna potrebbe essere la giusta scelta dove passare la propria pensione,i prezzi bassi e i collegamentii aerei sono i punti di forza.","robots":{"index":"index","follow":"follow","max-snippet":"max-snippet:-1","max-image-preview":"max-image-preview:large","max-video-preview":"max-video-preview:-1"},"canonical":"https:\/\/www.insardinia.ch\/it\/dal-portogallo-alla-sardegna-pensionati-in-cerca-di-paradisi\/","og_locale":"it_IT","og_type":"article","og_title":"Dal Portogallo alla Sardegna, pensionati in cerca di paradisi - InSardinia","og_description":"La sardegna potrebbe essere la giusta scelta dove passare la propria pensione,i prezzi bassi e i collegamentii aerei sono i punti di forza.","og_url":"https:\/\/www.insardinia.ch\/it\/dal-portogallo-alla-sardegna-pensionati-in-cerca-di-paradisi\/","og_site_name":"InSardinia","article_published_time":"2018-09-27T08:57:16+00:00","article_modified_time":"2019-03-08T11:13:05+00:00","og_image":[{"width":640,"height":460,"url":"https:\/\/www.insardinia.ch\/vendita\/wp-content\/uploads\/2018\/09\/beach-wedding-1934732_640.jpg","type":"image\/jpeg"}],"author":"insardinia.ch","twitter_card":"summary_large_image","twitter_misc":{"Scritto da":"insardinia.ch","Tempo di lettura stimato":"2 minuti"},"schema":{"@context":"https:\/\/schema.org","@graph":[{"@type":"WebPage","@id":"https:\/\/www.insardinia.ch\/it\/dal-portogallo-alla-sardegna-pensionati-in-cerca-di-paradisi\/","url":"https:\/\/www.insardinia.ch\/it\/dal-portogallo-alla-sardegna-pensionati-in-cerca-di-paradisi\/","name":"Dal Portogallo alla Sardegna, pensionati in cerca di paradisi - InSardinia","isPartOf":{"@id":"https:\/\/www.insardinia.ch\/en\/#website"},"datePublished":"2018-09-27T08:57:16+00:00","dateModified":"2019-03-08T11:13:05+00:00","author":{"@id":"https:\/\/www.insardinia.ch\/en\/#\/schema\/person\/0eb04c88bd85974037c0be6f300a2983"},"description":"La sardegna potrebbe essere la giusta scelta dove passare la propria pensione,i prezzi bassi e i collegamentii aerei sono i punti di forza.","breadcrumb":{"@id":"https:\/\/www.insardinia.ch\/it\/dal-portogallo-alla-sardegna-pensionati-in-cerca-di-paradisi\/#breadcrumb"},"inLanguage":"it-IT","potentialAction":[{"@type":"ReadAction","target":["https:\/\/www.insardinia.ch\/it\/dal-portogallo-alla-sardegna-pensionati-in-cerca-di-paradisi\/"]}]},{"@type":"BreadcrumbList","@id":"https:\/\/www.insardinia.ch\/it\/dal-portogallo-alla-sardegna-pensionati-in-cerca-di-paradisi\/#breadcrumb","itemListElement":[{"@type":"ListItem","position":1,"name":"Home","item":"https:\/\/www.insardinia.ch\/it\/"},{"@type":"ListItem","position":2,"name":"Dal Portogallo alla Sardegna, pensionati in cerca di paradisi"}]},{"@type":"WebSite","@id":"https:\/\/www.insardinia.ch\/en\/#website","url":"https:\/\/www.insardinia.ch\/en\/","name":"InSardinia","description":"","potentialAction":[{"@type":"SearchAction","target":{"@type":"EntryPoint","urlTemplate":"https:\/\/www.insardinia.ch\/en\/?s={search_term_string}"},"query-input":"required name=search_term_string"}],"inLanguage":"it-IT"},{"@type":"Person","@id":"https:\/\/www.insardinia.ch\/en\/#\/schema\/person\/0eb04c88bd85974037c0be6f300a2983","name":"insardinia.ch","image":{"@type":"ImageObject","inLanguage":"it-IT","@id":"https:\/\/www.insardinia.ch\/en\/#\/schema\/person\/image\/","url":"https:\/\/secure.gravatar.com\/avatar\/30529e614002db167e745edad8c9b9b6?s=96&d=mm&r=g","contentUrl":"https:\/\/secure.gravatar.com\/avatar\/30529e614002db167e745edad8c9b9b6?s=96&d=mm&r=g","caption":"insardinia.ch"},"url":"https:\/\/www.insardinia.ch\/it\/author\/insardinia-ch\/"}]}},"_links":{"self":[{"href":"https:\/\/www.insardinia.ch\/it\/wp-json\/wp\/v2\/posts\/7017"}],"collection":[{"href":"https:\/\/www.insardinia.ch\/it\/wp-json\/wp\/v2\/posts"}],"about":[{"href":"https:\/\/www.insardinia.ch\/it\/wp-json\/wp\/v2\/types\/post"}],"author":[{"embeddable":true,"href":"https:\/\/www.insardinia.ch\/it\/wp-json\/wp\/v2\/users\/18"}],"replies":[{"embeddable":true,"href":"https:\/\/www.insardinia.ch\/it\/wp-json\/wp\/v2\/comments?post=7017"}],"version-history":[{"count":0,"href":"https:\/\/www.insardinia.ch\/it\/wp-json\/wp\/v2\/posts\/7017\/revisions"}],"wp:featuredmedia":[{"embeddable":true,"href":"https:\/\/www.insardinia.ch\/it\/wp-json\/wp\/v2\/media\/7018"}],"wp:attachment":[{"href":"https:\/\/www.insardinia.ch\/it\/wp-json\/wp\/v2\/media?parent=7017"}],"wp:term":[{"taxonomy":"category","embeddable":true,"href":"https:\/\/www.insardinia.ch\/it\/wp-json\/wp\/v2\/categories?post=7017"},{"taxonomy":"post_tag","embeddable":true,"href":"https:\/\/www.insardinia.ch\/it\/wp-json\/wp\/v2\/tags?post=7017"}],"curies":[{"name":"wp","href":"https:\/\/api.w.org\/{rel}","templated":true}]}}